{"id":818,"date":"2024-05-28T15:56:26","date_gmt":"2024-05-28T15:56:26","guid":{"rendered":"https:\/\/tvz.mr\/fr\/?p=818"},"modified":"2024-05-28T15:56:26","modified_gmt":"2024-05-28T15:56:26","slug":"le-maire-de-tevragh-zeina-sest-joint-a-la-marche-de-solidarite-avec-lafrique-du-sud-pour-son-soutien-a-la-cause-palestinienne","status":"publish","type":"post","link":"https:\/\/tvz.mr\/fr\/archives\/818","title":{"rendered":"LE MAIRE DE TEVRAGH ZEINA S&rsquo;EST JOINT A LA MARCHE DE SOLIDARIT\u00c9 AVEC L\u2019AFRIQUE DU SUD POUR SON SOUTIEN A LA CAUSE PALESTINIENNE"},"content":{"rendered":"<p>Le maire de Tevragh Zeina, M. Taleb Mahjoub, s&rsquo;est joint \u00e0 une manifestation devant la r\u00e9sidence de l&rsquo;ambassadeur de l&rsquo;Afrique du Sud pour exprimer son soutien \u00e0 la position de ce pays en faveur de la cause palestinienne et condamner l&rsquo;agression isra\u00e9lienne contre Gaza et les territoires occup\u00e9s.<\/p>\n<p>Il a \u00e9galement exprim\u00e9 les remerciements du peuple mauritanien \u00e0 l&rsquo;ambassadeur sud-africain pour le soutien de son pays \u00e0 cette cause juste, en d\u00e9pit du silence complice de la communaut\u00e9 internationale.<\/p>\n","protected":false},"excerpt":{"rendered":"<p>Le maire de Tevragh Zeina, M. Taleb Mahjoub, s&rsquo;est joint \u00e0 une manifestation devant la r\u00e9sidence de l&rsquo;ambassadeur de l&rsquo;Afrique du Sud pour exprimer son soutien \u00e0 la position de ce pays en faveur de la cause palestinienne et condamner l&rsquo;agression isra\u00e9lienne contre Gaza et les territoires occup\u00e9s. Il a \u00e9galement exprim\u00e9 les remerciements du &hellip;<\/p>\n","protected":false},"author":1,"featured_media":819,"comment_status":"open","ping_status":"open","sticky":false,"template":"","format":"standard","meta":{"footnotes":""},"categories":[1],"tags":[],"_links":{"self":[{"href":"https:\/\/tvz.mr\/fr\/wp-json\/wp\/v2\/posts\/818"}],"collection":[{"href":"https:\/\/tvz.mr\/fr\/wp-json\/wp\/v2\/posts"}],"about":[{"href":"https:\/\/tvz.mr\/fr\/wp-json\/wp\/v2\/types\/post"}],"author":[{"embeddable":true,"href":"https:\/\/tvz.mr\/fr\/wp-json\/wp\/v2\/users\/1"}],"replies":[{"embeddable":true,"href":"https:\/\/tvz.mr\/fr\/wp-json\/wp\/v2\/comments?post=818"}],"version-history":[{"count":1,"href":"https:\/\/tvz.mr\/fr\/wp-json\/wp\/v2\/posts\/818\/revisions"}],"predecessor-version":[{"id":820,"href":"https:\/\/tvz.mr\/fr\/wp-json\/wp\/v2\/posts\/818\/revisions\/820"}],"wp:featuredmedia":[{"embeddable":true,"href":"https:\/\/tvz.mr\/fr\/wp-json\/wp\/v2\/media\/819"}],"wp:attachment":[{"href":"https:\/\/tvz.mr\/fr\/wp-json\/wp\/v2\/media?parent=818"}],"wp:term":[{"taxonomy":"category","embeddable":true,"href":"https:\/\/tvz.mr\/fr\/wp-json\/wp\/v2\/categories?post=818"},{"taxonomy":"post_tag","embeddable":true,"href":"https:\/\/tvz.mr\/fr\/wp-json\/wp\/v2\/tags?post=818"}],"curies":[{"name":"wp","href":"https:\/\/api.w.org\/{rel}","templated":true}]}}