{"id":316,"date":"2020-10-25T10:31:58","date_gmt":"2020-10-25T10:31:58","guid":{"rendered":"https:\/\/tvz.mr\/fr\/?p=316"},"modified":"2020-10-25T10:31:58","modified_gmt":"2020-10-25T10:31:58","slug":"la-mairie-inaugure-une-avenue-au-nom-du-feu-el-hadj-mahmoud-ba","status":"publish","type":"post","link":"https:\/\/tvz.mr\/fr\/archives\/316","title":{"rendered":"La Mairie inaugure une avenue au nom du feu El Hadj Mahmoud Ba"},"content":{"rendered":"<p>La Mairie de Tevragh Zeina a organis\u00e9, ce 25 juillet 2020, une c\u00e9r\u00e9monie de bapt\u00eame de l&rsquo;avenue allant de l&rsquo;ambassade de France jusqu&rsquo;au Minist\u00e8re des Affaires \u00c9trang\u00e8res au nom de Feu El Haj Mahmoud Ba, fondateur des \u00e9coles El Valah.<\/p>\n<p>Cette manifestation s&rsquo;est d\u00e9roul\u00e9e sous la pr\u00e9sidence du Wali de Nouakchott Ouest, en pr\u00e9sence, entre autres, de la Pr\u00e9sidente du Conseil R\u00e9gional de Nouakchott.<\/p>\n<p>Apr\u00e8s l&rsquo;ouverture par des Versets Coraniques lus par Mr Khaled Ould El Moctar, la parole fut donn\u00e9e au repr\u00e9sentant de la famille du d\u00e9funt, qui passa en revue les principales \u00e9tapes de la vie de ce. personnage peu ordinaire et ses multiples dons, avant de conclure en exprimant toute sa gratitude \u00e0 la Mairie pour ce geste combien symbolique.<\/p>\n<p>Ensuite, ce fut le tour du repr\u00e9sentant des Ecoles El Valah, d&rsquo;abonder dans la description d&rsquo;un homme exceptionnel, avant de rendre un vibrant hommage \u00e0 cette initiative municipale.<\/p>\n<p>L&rsquo;allocution officielle fut prononc\u00e9e par le Maire, Mr Taleb Ould El Mahjoub, qui a affin\u00e9 le triple profil, \u00e0 la fois, d&rsquo;un \u00e9ducateur, d&rsquo;un savant et d&rsquo;un combattant.<\/p>\n<p>Apr\u00e8s la remise \u00e0 la famille du d\u00e9funt, de l&rsquo;Attestation du bapt\u00eame de l&rsquo;avenue susmentionn\u00e9e, ce fut la coupure du bordereau symbolique au carrefour de l&rsquo;ambassade de France, cl\u00f4turant , ainsi, les festivit\u00e9s.<\/p>\n","protected":false},"excerpt":{"rendered":"<p>La Mairie de Tevragh Zeina a organis\u00e9, ce 25 juillet 2020, une c\u00e9r\u00e9monie de bapt\u00eame de l&rsquo;avenue allant de l&rsquo;ambassade de France jusqu&rsquo;au Minist\u00e8re des Affaires \u00c9trang\u00e8res au nom de Feu El Haj Mahmoud Ba, fondateur des \u00e9coles El Valah. Cette manifestation s&rsquo;est d\u00e9roul\u00e9e sous la pr\u00e9sidence du Wali de Nouakchott Ouest, en pr\u00e9sence, entre &hellip;<\/p>\n","protected":false},"author":1,"featured_media":188,"comment_status":"open","ping_status":"open","sticky":false,"template":"","format":"standard","meta":{"footnotes":""},"categories":[1,8],"tags":[],"_links":{"self":[{"href":"https:\/\/tvz.mr\/fr\/wp-json\/wp\/v2\/posts\/316"}],"collection":[{"href":"https:\/\/tvz.mr\/fr\/wp-json\/wp\/v2\/posts"}],"about":[{"href":"https:\/\/tvz.mr\/fr\/wp-json\/wp\/v2\/types\/post"}],"author":[{"embeddable":true,"href":"https:\/\/tvz.mr\/fr\/wp-json\/wp\/v2\/users\/1"}],"replies":[{"embeddable":true,"href":"https:\/\/tvz.mr\/fr\/wp-json\/wp\/v2\/comments?post=316"}],"version-history":[{"count":1,"href":"https:\/\/tvz.mr\/fr\/wp-json\/wp\/v2\/posts\/316\/revisions"}],"predecessor-version":[{"id":317,"href":"https:\/\/tvz.mr\/fr\/wp-json\/wp\/v2\/posts\/316\/revisions\/317"}],"wp:featuredmedia":[{"embeddable":true,"href":"https:\/\/tvz.mr\/fr\/wp-json\/wp\/v2\/media\/188"}],"wp:attachment":[{"href":"https:\/\/tvz.mr\/fr\/wp-json\/wp\/v2\/media?parent=316"}],"wp:term":[{"taxonomy":"category","embeddable":true,"href":"https:\/\/tvz.mr\/fr\/wp-json\/wp\/v2\/categories?post=316"},{"taxonomy":"post_tag","embeddable":true,"href":"https:\/\/tvz.mr\/fr\/wp-json\/wp\/v2\/tags?post=316"}],"curies":[{"name":"wp","href":"https:\/\/api.w.org\/{rel}","templated":true}]}}